{"id":589,"date":"2019-03-30T09:39:48","date_gmt":"2019-03-30T08:39:48","guid":{"rendered":"http:\/\/clauschi.de\/ProKOCHT\/?p=589"},"modified":"2019-04-02T21:42:48","modified_gmt":"2019-04-02T19:42:48","slug":"ich-hasse-nanos","status":"publish","type":"post","link":"https:\/\/clauschi.de\/ProKOCHT\/?p=589","title":{"rendered":"Ich hasse Nanos!"},"content":{"rendered":"\n<p>Wir sind an der Diemeltalsperre angelangt. Das Wetter ist immer noch top und unsere Fundrate hoch. Auch der Beifang au\u00dferhalb der Waldecker Landkreis-Mysteries ist sehr sch\u00f6n. Gerade musste ich aber einen Nano aufsp\u00fcren und wie immer hatte ich Schwierigkeiten, die Logrolle aus ihrem Geh\u00e4use zu friemeln. Hier das Beweisfoto&#8230;<\/p>\n\n\n\n<figure class=\"wp-block-image\"><img loading=\"lazy\" decoding=\"async\" width=\"300\" height=\"225\" src=\"https:\/\/clauschi.de\/ProKOCHT\/wp-content\/uploads\/2019\/04\/IMG_7388-300x225.jpg\" alt=\"\" class=\"wp-image-590\" srcset=\"https:\/\/clauschi.de\/ProKOCHT\/wp-content\/uploads\/2019\/04\/IMG_7388-300x225.jpg 300w, https:\/\/clauschi.de\/ProKOCHT\/wp-content\/uploads\/2019\/04\/IMG_7388-768x576.jpg 768w, https:\/\/clauschi.de\/ProKOCHT\/wp-content\/uploads\/2019\/04\/IMG_7388-1024x768.jpg 1024w\" sizes=\"auto, (max-width: 300px) 100vw, 300px\" \/><\/figure>\n","protected":false},"excerpt":{"rendered":"<p>Wir sind an der Diemeltalsperre angelangt. Das Wetter ist immer noch top und unsere Fundrate hoch. Auch der Beifang au\u00dferhalb der Waldecker Landkreis-Mysteries ist sehr sch\u00f6n. Gerade musste ich aber einen Nano aufsp\u00fcren und wie immer hatte ich Schwierigkeiten, die &hellip; <a href=\"https:\/\/clauschi.de\/ProKOCHT\/?p=589\">Weiterlesen <span class=\"meta-nav\">&rarr;<\/span><\/a><\/p>\n","protected":false},"author":1,"featured_media":0,"comment_status":"closed","ping_status":"closed","sticky":false,"template":"","format":"standard","meta":{"footnotes":""},"categories":[4],"tags":[],"class_list":["post-589","post","type-post","status-publish","format-standard","hentry","category-loggen"],"_links":{"self":[{"href":"https:\/\/clauschi.de\/ProKOCHT\/index.php?rest_route=\/wp\/v2\/posts\/589","targetHints":{"allow":["GET"]}}],"collection":[{"href":"https:\/\/clauschi.de\/ProKOCHT\/index.php?rest_route=\/wp\/v2\/posts"}],"about":[{"href":"https:\/\/clauschi.de\/ProKOCHT\/index.php?rest_route=\/wp\/v2\/types\/post"}],"author":[{"embeddable":true,"href":"https:\/\/clauschi.de\/ProKOCHT\/index.php?rest_route=\/wp\/v2\/users\/1"}],"replies":[{"embeddable":true,"href":"https:\/\/clauschi.de\/ProKOCHT\/index.php?rest_route=%2Fwp%2Fv2%2Fcomments&post=589"}],"version-history":[{"count":1,"href":"https:\/\/clauschi.de\/ProKOCHT\/index.php?rest_route=\/wp\/v2\/posts\/589\/revisions"}],"predecessor-version":[{"id":591,"href":"https:\/\/clauschi.de\/ProKOCHT\/index.php?rest_route=\/wp\/v2\/posts\/589\/revisions\/591"}],"wp:attachment":[{"href":"https:\/\/clauschi.de\/ProKOCHT\/index.php?rest_route=%2Fwp%2Fv2%2Fmedia&parent=589"}],"wp:term":[{"taxonomy":"category","embeddable":true,"href":"https:\/\/clauschi.de\/ProKOCHT\/index.php?rest_route=%2Fwp%2Fv2%2Fcategories&post=589"},{"taxonomy":"post_tag","embeddable":true,"href":"https:\/\/clauschi.de\/ProKOCHT\/index.php?rest_route=%2Fwp%2Fv2%2Ftags&post=589"}],"curies":[{"name":"wp","href":"https:\/\/api.w.org\/{rel}","templated":true}]}}