{"id":414,"date":"2019-03-29T08:42:58","date_gmt":"2019-03-29T07:42:58","guid":{"rendered":"http:\/\/clauschi.de\/ProKOCHT\/?p=414"},"modified":"2019-03-29T08:42:58","modified_gmt":"2019-03-29T07:42:58","slug":"tolle-wetteraussichten","status":"publish","type":"post","link":"https:\/\/clauschi.de\/ProKOCHT\/?p=414","title":{"rendered":"Tolle Wetteraussichten!"},"content":{"rendered":"\n<p>Die Wettervorhersage f\u00fcr den Waldeck-Landkreis hat sich stabilisiert und wir scheinen gro\u00dfes Gl\u00fcck mit dem Wetter zu haben! Morgens ist es mit 5\u00b0 C wohl noch recht frisch, aber am Nachmittag &#8222;heizt&#8220; es sich bis zu 15\u00b0 C auf. Am Abend ziehen ein paar Wolken auf, ansonsten scheint durchg\u00e4ngig die Sonne! Und das wichtigste ist nat\u00fcrlich, dass es trocken bleibt. Die Regenjacken k\u00f6nnen also daheim bleiben.<\/p>\n\n\n\n<figure class=\"wp-block-image\"><img decoding=\"async\" src=\"http:\/\/www.kirchenzeitung.at\/img\/95\/31\/3fc57f1e7853741a080f\/-24_20_Sonne_Fotolia_96965486_S.jpg\" alt=\"\"\/><\/figure>\n","protected":false},"excerpt":{"rendered":"<p>Die Wettervorhersage f\u00fcr den Waldeck-Landkreis hat sich stabilisiert und wir scheinen gro\u00dfes Gl\u00fcck mit dem Wetter zu haben! Morgens ist es mit 5\u00b0 C wohl noch recht frisch, aber am Nachmittag &#8222;heizt&#8220; es sich bis zu 15\u00b0 C auf. Am &hellip; <a href=\"https:\/\/clauschi.de\/ProKOCHT\/?p=414\">Weiterlesen <span class=\"meta-nav\">&rarr;<\/span><\/a><\/p>\n","protected":false},"author":1,"featured_media":0,"comment_status":"closed","ping_status":"closed","sticky":false,"template":"","format":"standard","meta":{"footnotes":""},"categories":[1],"tags":[],"class_list":["post-414","post","type-post","status-publish","format-standard","hentry","category-sonstiges"],"_links":{"self":[{"href":"https:\/\/clauschi.de\/ProKOCHT\/index.php?rest_route=\/wp\/v2\/posts\/414","targetHints":{"allow":["GET"]}}],"collection":[{"href":"https:\/\/clauschi.de\/ProKOCHT\/index.php?rest_route=\/wp\/v2\/posts"}],"about":[{"href":"https:\/\/clauschi.de\/ProKOCHT\/index.php?rest_route=\/wp\/v2\/types\/post"}],"author":[{"embeddable":true,"href":"https:\/\/clauschi.de\/ProKOCHT\/index.php?rest_route=\/wp\/v2\/users\/1"}],"replies":[{"embeddable":true,"href":"https:\/\/clauschi.de\/ProKOCHT\/index.php?rest_route=%2Fwp%2Fv2%2Fcomments&post=414"}],"version-history":[{"count":1,"href":"https:\/\/clauschi.de\/ProKOCHT\/index.php?rest_route=\/wp\/v2\/posts\/414\/revisions"}],"predecessor-version":[{"id":415,"href":"https:\/\/clauschi.de\/ProKOCHT\/index.php?rest_route=\/wp\/v2\/posts\/414\/revisions\/415"}],"wp:attachment":[{"href":"https:\/\/clauschi.de\/ProKOCHT\/index.php?rest_route=%2Fwp%2Fv2%2Fmedia&parent=414"}],"wp:term":[{"taxonomy":"category","embeddable":true,"href":"https:\/\/clauschi.de\/ProKOCHT\/index.php?rest_route=%2Fwp%2Fv2%2Fcategories&post=414"},{"taxonomy":"post_tag","embeddable":true,"href":"https:\/\/clauschi.de\/ProKOCHT\/index.php?rest_route=%2Fwp%2Fv2%2Ftags&post=414"}],"curies":[{"name":"wp","href":"https:\/\/api.w.org\/{rel}","templated":true}]}}