{"id":18,"date":"2019-03-12T20:51:49","date_gmt":"2019-03-12T20:51:49","guid":{"rendered":"http:\/\/clauschi.de\/ProKOCHT\/?p=18"},"modified":"2019-03-17T09:50:37","modified_gmt":"2019-03-17T08:50:37","slug":"rueckmeldung-von-oma08","status":"publish","type":"post","link":"https:\/\/clauschi.de\/ProKOCHT\/?p=18","title":{"rendered":"R\u00fcckmeldung von Oma08"},"content":{"rendered":"\n<p>Auf meine Anfrage bzgl. Loggen erhielt ich recht schnell eine lange Antwort von der Ownerin Oma08:<\/p>\n\n\n\n<p>Hallo Sven,<br>Finde ich total lieb von euch, dass ihr euch Gedanken macht \u00fcber die M\u00f6glichkeit zu loggen. Hat bisher auch niemand gemacht.&nbsp;<br>Ich habe meine Dosen gerade frisch gewartet, der Rest ist kommendes Wochenende dran. Ich habe jetzt fast \u00fcberall wasserfeste Logb\u00fccher platziert.Logstreifen haben sich nicht bew\u00e4hrt.&nbsp;<br>Stempel k\u00f6nnte etwas schwierig werden, da nicht h\u00e4lt.&nbsp;<br>Ich bin zwar kein Fan von Aufklebern, aber vielleicht ist das doch die bessere Wahl.&nbsp;<br>Oder eine ganz kurze Abk\u00fcrzung und dann mit Kuli.&nbsp;<br>Meinetwegen nur ein Buchstabe.&nbsp;<br>Wenn ihr mir dann verratet wer sich hinter dem Buchstaben alles versteckt, ist das f\u00fcr mich v\u00f6llig ok &#x1f44c;.&nbsp;<br>Bevor ihr startet, aktualisiert bitte eure heruntergeladenen Daten. Manchmal muss ich eine Dose verlegen ( Baum gef\u00e4llt, Leuchtpfosten umgefahren, Leitplanke erneuert).&nbsp;<br>Mit 6 Leuten in 1 Auto wird bestimmt sehr lustig und kuschelig.&nbsp;<br>Ich w\u00fcnsche euch auf jeden Fall ganz ganz viel Spa\u00df auf der Runde.&nbsp;<br>Liebe Gr\u00fc\u00dfe, Oma08 (Eleonore) <\/p>\n\n\n\n<p>  <br>Ich selbst besitze einen Stempel 42 x 27mm, das gedruckte Feld ist 25 x 13mm. Mit Datum.&nbsp;<br>Pa\u00dft in jedes Logbuch (au\u00dfer Nano).&nbsp;<br>Gibts bei stempelwelt. de <br>Kostet knappen 10\u20ac <\/p>\n","protected":false},"excerpt":{"rendered":"<p>Auf meine Anfrage bzgl. Loggen erhielt ich recht schnell eine lange Antwort von der Ownerin Oma08: Hallo Sven,Finde ich total lieb von euch, dass ihr euch Gedanken macht \u00fcber die M\u00f6glichkeit zu loggen. Hat bisher auch niemand gemacht.&nbsp;Ich habe meine &hellip; <a href=\"https:\/\/clauschi.de\/ProKOCHT\/?p=18\">Weiterlesen <span class=\"meta-nav\">&rarr;<\/span><\/a><\/p>\n","protected":false},"author":1,"featured_media":0,"comment_status":"open","ping_status":"closed","sticky":false,"template":"","format":"standard","meta":{"footnotes":""},"categories":[4],"tags":[],"class_list":["post-18","post","type-post","status-publish","format-standard","hentry","category-loggen"],"_links":{"self":[{"href":"https:\/\/clauschi.de\/ProKOCHT\/index.php?rest_route=\/wp\/v2\/posts\/18","targetHints":{"allow":["GET"]}}],"collection":[{"href":"https:\/\/clauschi.de\/ProKOCHT\/index.php?rest_route=\/wp\/v2\/posts"}],"about":[{"href":"https:\/\/clauschi.de\/ProKOCHT\/index.php?rest_route=\/wp\/v2\/types\/post"}],"author":[{"embeddable":true,"href":"https:\/\/clauschi.de\/ProKOCHT\/index.php?rest_route=\/wp\/v2\/users\/1"}],"replies":[{"embeddable":true,"href":"https:\/\/clauschi.de\/ProKOCHT\/index.php?rest_route=%2Fwp%2Fv2%2Fcomments&post=18"}],"version-history":[{"count":3,"href":"https:\/\/clauschi.de\/ProKOCHT\/index.php?rest_route=\/wp\/v2\/posts\/18\/revisions"}],"predecessor-version":[{"id":257,"href":"https:\/\/clauschi.de\/ProKOCHT\/index.php?rest_route=\/wp\/v2\/posts\/18\/revisions\/257"}],"wp:attachment":[{"href":"https:\/\/clauschi.de\/ProKOCHT\/index.php?rest_route=%2Fwp%2Fv2%2Fmedia&parent=18"}],"wp:term":[{"taxonomy":"category","embeddable":true,"href":"https:\/\/clauschi.de\/ProKOCHT\/index.php?rest_route=%2Fwp%2Fv2%2Fcategories&post=18"},{"taxonomy":"post_tag","embeddable":true,"href":"https:\/\/clauschi.de\/ProKOCHT\/index.php?rest_route=%2Fwp%2Fv2%2Ftags&post=18"}],"curies":[{"name":"wp","href":"https:\/\/api.w.org\/{rel}","templated":true}]}}